{"id":3600,"date":"2024-05-13T17:23:18","date_gmt":"2024-05-13T20:23:18","guid":{"rendered":"https:\/\/liceoespejo.edu.ar\/lmge\/?p=3600"},"modified":"2024-05-13T17:36:17","modified_gmt":"2024-05-13T20:36:17","slug":"11-de-mayo-dia-del-himno-nacional-argentino","status":"publish","type":"post","link":"https:\/\/liceoespejo.edu.ar\/lmge\/11-de-mayo-dia-del-himno-nacional-argentino\/","title":{"rendered":"11 de Mayo &#8211; D\u00eda del Himno Nacional Argentino"},"content":{"rendered":"<p>El 11 de Mayo, conmemoramos el aniversario 211 de la creaci\u00f3n de nuestro Himno Nacional Argentino en la hist\u00f3rica Provincia de Mendoza. En este d\u00eda memorable, la Banda Militar \u00bb Paso de los Andes\u00bb perteneciente al Liceo Militar General Espejo nos deleit\u00f3 con marchas militares, m\u00fasica popular y, finalmente, la emotiva entonaci\u00f3n de nuestro Himno Nacional.<br \/>\nFue un momento de profunda emotividad para todos los presentes, donde la historia y la tradici\u00f3n se unieron en un solo comp\u00e1s.<\/p>\n<p><img loading=\"lazy\" decoding=\"async\" class=\"alignnone wp-image-3601\" src=\"https:\/\/liceoespejo.edu.ar\/lmge\/wp-content\/uploads\/2024\/05\/WhatsApp-Image-2024-05-13-at-11.10.01.jpeg\" alt=\"\" width=\"370\" height=\"208\" srcset=\"https:\/\/liceoespejo.edu.ar\/lmge\/wp-content\/uploads\/2024\/05\/WhatsApp-Image-2024-05-13-at-11.10.01.jpeg 1600w, https:\/\/liceoespejo.edu.ar\/lmge\/wp-content\/uploads\/2024\/05\/WhatsApp-Image-2024-05-13-at-11.10.01-300x169.jpeg 300w, https:\/\/liceoespejo.edu.ar\/lmge\/wp-content\/uploads\/2024\/05\/WhatsApp-Image-2024-05-13-at-11.10.01-1024x576.jpeg 1024w, https:\/\/liceoespejo.edu.ar\/lmge\/wp-content\/uploads\/2024\/05\/WhatsApp-Image-2024-05-13-at-11.10.01-768x432.jpeg 768w, https:\/\/liceoespejo.edu.ar\/lmge\/wp-content\/uploads\/2024\/05\/WhatsApp-Image-2024-05-13-at-11.10.01-1536x864.jpeg 1536w\" sizes=\"auto, (max-width: 370px) 100vw, 370px\" \/> <img loading=\"lazy\" decoding=\"async\" class=\"alignnone wp-image-3603\" src=\"https:\/\/liceoespejo.edu.ar\/lmge\/wp-content\/uploads\/2024\/05\/WhatsApp-Image-2024-05-13-at-11.09.59.jpeg\" alt=\"\" width=\"373\" height=\"210\" srcset=\"https:\/\/liceoespejo.edu.ar\/lmge\/wp-content\/uploads\/2024\/05\/WhatsApp-Image-2024-05-13-at-11.09.59.jpeg 1600w, https:\/\/liceoespejo.edu.ar\/lmge\/wp-content\/uploads\/2024\/05\/WhatsApp-Image-2024-05-13-at-11.09.59-300x169.jpeg 300w, https:\/\/liceoespejo.edu.ar\/lmge\/wp-content\/uploads\/2024\/05\/WhatsApp-Image-2024-05-13-at-11.09.59-1024x576.jpeg 1024w, https:\/\/liceoespejo.edu.ar\/lmge\/wp-content\/uploads\/2024\/05\/WhatsApp-Image-2024-05-13-at-11.09.59-768x432.jpeg 768w, https:\/\/liceoespejo.edu.ar\/lmge\/wp-content\/uploads\/2024\/05\/WhatsApp-Image-2024-05-13-at-11.09.59-1536x864.jpeg 1536w\" sizes=\"auto, (max-width: 373px) 100vw, 373px\" \/><\/p>\n","protected":false},"excerpt":{"rendered":"<p>El 11 de Mayo, conmemoramos el aniversario 211 de la creaci\u00f3n de nuestro Himno Nacional Argentino en la hist\u00f3rica Provincia de Mendoza. En este d\u00eda memorable, la Banda Militar \u00bb Paso de los Andes\u00bb perteneciente al Liceo Militar General Espejo nos deleit\u00f3 con marchas militares, m\u00fasica popular y, finalmente, la &hellip; <\/p>\n","protected":false},"author":4,"featured_media":3602,"comment_status":"closed","ping_status":"closed","sticky":false,"template":"","format":"standard","meta":{"ngg_post_thumbnail":0,"footnotes":""},"categories":[16,3],"tags":[],"class_list":["post-3600","post","type-post","status-publish","format-standard","has-post-thumbnail","hentry","category-actividades","category-actos-y-formaciones"],"yoast_head":"<!-- This site is optimized with the Yoast SEO plugin v27.5 - https:\/\/yoast.com\/product\/yoast-seo-wordpress\/ -->\n<title>11 de Mayo - D\u00eda del Himno Nacional Argentino - Liceo Militar General Espejo<\/title>\n<meta name=\"robots\" content=\"index, follow, max-snippet:-1, max-image-preview:large, max-video-preview:-1\" \/>\n<link rel=\"canonical\" href=\"https:\/\/liceoespejo.edu.ar\/lmge\/11-de-mayo-dia-del-himno-nacional-argentino\/\" \/>\n<meta property=\"og:locale\" content=\"es_ES\" \/>\n<meta property=\"og:type\" content=\"article\" \/>\n<meta property=\"og:title\" content=\"11 de Mayo - D\u00eda del Himno Nacional Argentino - Liceo Militar General Espejo\" \/>\n<meta property=\"og:description\" content=\"El 11 de Mayo, conmemoramos el aniversario 211 de la creaci\u00f3n de nuestro Himno Nacional Argentino en la hist\u00f3rica Provincia de Mendoza. En este d\u00eda memorable, la Banda Militar \u00bb Paso de los Andes\u00bb perteneciente al Liceo Militar General Espejo nos deleit\u00f3 con marchas militares, m\u00fasica popular y, finalmente, la &hellip;\" \/>\n<meta property=\"og:url\" content=\"https:\/\/liceoespejo.edu.ar\/lmge\/11-de-mayo-dia-del-himno-nacional-argentino\/\" \/>\n<meta property=\"og:site_name\" content=\"Liceo Militar General Espejo\" \/>\n<meta property=\"article:publisher\" content=\"https:\/\/www.facebook.com\/liceomilitargeneralespejo\" \/>\n<meta property=\"article:published_time\" content=\"2024-05-13T20:23:18+00:00\" \/>\n<meta property=\"article:modified_time\" content=\"2024-05-13T20:36:17+00:00\" \/>\n<meta property=\"og:image\" content=\"https:\/\/liceoespejo.edu.ar\/lmge\/wp-content\/uploads\/2024\/05\/WhatsApp-Image-2024-05-13-at-11.10.00.jpeg\" \/>\n\t<meta property=\"og:image:width\" content=\"1280\" \/>\n\t<meta property=\"og:image:height\" content=\"720\" \/>\n\t<meta property=\"og:image:type\" content=\"image\/jpeg\" \/>\n<meta name=\"author\" content=\"Liceo Militar General Espejo\" \/>\n<meta name=\"twitter:card\" content=\"summary_large_image\" \/>\n<meta name=\"twitter:label1\" content=\"Escrito por\" \/>\n\t<meta name=\"twitter:data1\" content=\"Liceo Militar General Espejo\" \/>\n\t<meta name=\"twitter:label2\" content=\"Tiempo de lectura\" \/>\n\t<meta name=\"twitter:data2\" content=\"1 minuto\" \/>\n<script type=\"application\/ld+json\" class=\"yoast-schema-graph\">{\"@context\":\"https:\\\/\\\/schema.org\",\"@graph\":[{\"@type\":\"Article\",\"@id\":\"https:\\\/\\\/liceoespejo.edu.ar\\\/lmge\\\/11-de-mayo-dia-del-himno-nacional-argentino\\\/#article\",\"isPartOf\":{\"@id\":\"https:\\\/\\\/liceoespejo.edu.ar\\\/lmge\\\/11-de-mayo-dia-del-himno-nacional-argentino\\\/\"},\"author\":{\"name\":\"Liceo Militar General Espejo\",\"@id\":\"https:\\\/\\\/liceoespejo.edu.ar\\\/lmge\\\/#\\\/schema\\\/person\\\/7635465becde349b687a947aaee14c54\"},\"headline\":\"11 de Mayo &#8211; D\u00eda del Himno Nacional Argentino\",\"datePublished\":\"2024-05-13T20:23:18+00:00\",\"dateModified\":\"2024-05-13T20:36:17+00:00\",\"mainEntityOfPage\":{\"@id\":\"https:\\\/\\\/liceoespejo.edu.ar\\\/lmge\\\/11-de-mayo-dia-del-himno-nacional-argentino\\\/\"},\"wordCount\":91,\"publisher\":{\"@id\":\"https:\\\/\\\/liceoespejo.edu.ar\\\/lmge\\\/#organization\"},\"image\":{\"@id\":\"https:\\\/\\\/liceoespejo.edu.ar\\\/lmge\\\/11-de-mayo-dia-del-himno-nacional-argentino\\\/#primaryimage\"},\"thumbnailUrl\":\"https:\\\/\\\/liceoespejo.edu.ar\\\/lmge\\\/wp-content\\\/uploads\\\/2024\\\/05\\\/WhatsApp-Image-2024-05-13-at-11.10.00.jpeg\",\"articleSection\":[\"Actividades\",\"Actos y formaciones\"],\"inLanguage\":\"es\"},{\"@type\":\"WebPage\",\"@id\":\"https:\\\/\\\/liceoespejo.edu.ar\\\/lmge\\\/11-de-mayo-dia-del-himno-nacional-argentino\\\/\",\"url\":\"https:\\\/\\\/liceoespejo.edu.ar\\\/lmge\\\/11-de-mayo-dia-del-himno-nacional-argentino\\\/\",\"name\":\"11 de Mayo - D\u00eda del Himno Nacional Argentino - Liceo Militar General Espejo\",\"isPartOf\":{\"@id\":\"https:\\\/\\\/liceoespejo.edu.ar\\\/lmge\\\/#website\"},\"primaryImageOfPage\":{\"@id\":\"https:\\\/\\\/liceoespejo.edu.ar\\\/lmge\\\/11-de-mayo-dia-del-himno-nacional-argentino\\\/#primaryimage\"},\"image\":{\"@id\":\"https:\\\/\\\/liceoespejo.edu.ar\\\/lmge\\\/11-de-mayo-dia-del-himno-nacional-argentino\\\/#primaryimage\"},\"thumbnailUrl\":\"https:\\\/\\\/liceoespejo.edu.ar\\\/lmge\\\/wp-content\\\/uploads\\\/2024\\\/05\\\/WhatsApp-Image-2024-05-13-at-11.10.00.jpeg\",\"datePublished\":\"2024-05-13T20:23:18+00:00\",\"dateModified\":\"2024-05-13T20:36:17+00:00\",\"breadcrumb\":{\"@id\":\"https:\\\/\\\/liceoespejo.edu.ar\\\/lmge\\\/11-de-mayo-dia-del-himno-nacional-argentino\\\/#breadcrumb\"},\"inLanguage\":\"es\",\"potentialAction\":[{\"@type\":\"ReadAction\",\"target\":[\"https:\\\/\\\/liceoespejo.edu.ar\\\/lmge\\\/11-de-mayo-dia-del-himno-nacional-argentino\\\/\"]}]},{\"@type\":\"ImageObject\",\"inLanguage\":\"es\",\"@id\":\"https:\\\/\\\/liceoespejo.edu.ar\\\/lmge\\\/11-de-mayo-dia-del-himno-nacional-argentino\\\/#primaryimage\",\"url\":\"https:\\\/\\\/liceoespejo.edu.ar\\\/lmge\\\/wp-content\\\/uploads\\\/2024\\\/05\\\/WhatsApp-Image-2024-05-13-at-11.10.00.jpeg\",\"contentUrl\":\"https:\\\/\\\/liceoespejo.edu.ar\\\/lmge\\\/wp-content\\\/uploads\\\/2024\\\/05\\\/WhatsApp-Image-2024-05-13-at-11.10.00.jpeg\",\"width\":1280,\"height\":720},{\"@type\":\"BreadcrumbList\",\"@id\":\"https:\\\/\\\/liceoespejo.edu.ar\\\/lmge\\\/11-de-mayo-dia-del-himno-nacional-argentino\\\/#breadcrumb\",\"itemListElement\":[{\"@type\":\"ListItem\",\"position\":1,\"name\":\"Portada\",\"item\":\"https:\\\/\\\/liceoespejo.edu.ar\\\/lmge\\\/\"},{\"@type\":\"ListItem\",\"position\":2,\"name\":\"11 de Mayo &#8211; D\u00eda del Himno Nacional Argentino\"}]},{\"@type\":\"WebSite\",\"@id\":\"https:\\\/\\\/liceoespejo.edu.ar\\\/lmge\\\/#website\",\"url\":\"https:\\\/\\\/liceoespejo.edu.ar\\\/lmge\\\/\",\"name\":\"Liceo Militar General Espejo\",\"description\":\"Colegio de educaci\u00f3n inicial, primaria y secundaria\",\"publisher\":{\"@id\":\"https:\\\/\\\/liceoespejo.edu.ar\\\/lmge\\\/#organization\"},\"potentialAction\":[{\"@type\":\"SearchAction\",\"target\":{\"@type\":\"EntryPoint\",\"urlTemplate\":\"https:\\\/\\\/liceoespejo.edu.ar\\\/lmge\\\/?s={search_term_string}\"},\"query-input\":{\"@type\":\"PropertyValueSpecification\",\"valueRequired\":true,\"valueName\":\"search_term_string\"}}],\"inLanguage\":\"es\"},{\"@type\":\"Organization\",\"@id\":\"https:\\\/\\\/liceoespejo.edu.ar\\\/lmge\\\/#organization\",\"name\":\"Liceo Militar General Espejo\",\"url\":\"https:\\\/\\\/liceoespejo.edu.ar\\\/lmge\\\/\",\"logo\":{\"@type\":\"ImageObject\",\"inLanguage\":\"es\",\"@id\":\"https:\\\/\\\/liceoespejo.edu.ar\\\/lmge\\\/#\\\/schema\\\/logo\\\/image\\\/\",\"url\":\"https:\\\/\\\/liceoespejo.edu.ar\\\/lmge\\\/wp-content\\\/uploads\\\/2023\\\/03\\\/infanteria5.png\",\"contentUrl\":\"https:\\\/\\\/liceoespejo.edu.ar\\\/lmge\\\/wp-content\\\/uploads\\\/2023\\\/03\\\/infanteria5.png\",\"width\":370,\"height\":370,\"caption\":\"Liceo Militar General Espejo\"},\"image\":{\"@id\":\"https:\\\/\\\/liceoespejo.edu.ar\\\/lmge\\\/#\\\/schema\\\/logo\\\/image\\\/\"},\"sameAs\":[\"https:\\\/\\\/www.facebook.com\\\/liceomilitargeneralespejo\"]},{\"@type\":\"Person\",\"@id\":\"https:\\\/\\\/liceoespejo.edu.ar\\\/lmge\\\/#\\\/schema\\\/person\\\/7635465becde349b687a947aaee14c54\",\"name\":\"Liceo Militar General Espejo\",\"image\":{\"@type\":\"ImageObject\",\"inLanguage\":\"es\",\"@id\":\"https:\\\/\\\/liceoespejo.edu.ar\\\/lmge\\\/wp-content\\\/uploads\\\/2025\\\/02\\\/Logo-liceo-crisol.png\",\"url\":\"https:\\\/\\\/liceoespejo.edu.ar\\\/lmge\\\/wp-content\\\/uploads\\\/2025\\\/02\\\/Logo-liceo-crisol.png\",\"contentUrl\":\"https:\\\/\\\/liceoespejo.edu.ar\\\/lmge\\\/wp-content\\\/uploads\\\/2025\\\/02\\\/Logo-liceo-crisol.png\",\"caption\":\"Liceo Militar General Espejo\"},\"url\":\"https:\\\/\\\/liceoespejo.edu.ar\\\/lmge\\\/author\\\/lmge\\\/\"}]}<\/script>\n<!-- \/ Yoast SEO plugin. -->","yoast_head_json":{"title":"11 de Mayo - D\u00eda del Himno Nacional Argentino - Liceo Militar General Espejo","robots":{"index":"index","follow":"follow","max-snippet":"max-snippet:-1","max-image-preview":"max-image-preview:large","max-video-preview":"max-video-preview:-1"},"canonical":"https:\/\/liceoespejo.edu.ar\/lmge\/11-de-mayo-dia-del-himno-nacional-argentino\/","og_locale":"es_ES","og_type":"article","og_title":"11 de Mayo - D\u00eda del Himno Nacional Argentino - Liceo Militar General Espejo","og_description":"El 11 de Mayo, conmemoramos el aniversario 211 de la creaci\u00f3n de nuestro Himno Nacional Argentino en la hist\u00f3rica Provincia de Mendoza. En este d\u00eda memorable, la Banda Militar \u00bb Paso de los Andes\u00bb perteneciente al Liceo Militar General Espejo nos deleit\u00f3 con marchas militares, m\u00fasica popular y, finalmente, la &hellip;","og_url":"https:\/\/liceoespejo.edu.ar\/lmge\/11-de-mayo-dia-del-himno-nacional-argentino\/","og_site_name":"Liceo Militar General Espejo","article_publisher":"https:\/\/www.facebook.com\/liceomilitargeneralespejo","article_published_time":"2024-05-13T20:23:18+00:00","article_modified_time":"2024-05-13T20:36:17+00:00","og_image":[{"width":1280,"height":720,"url":"https:\/\/liceoespejo.edu.ar\/lmge\/wp-content\/uploads\/2024\/05\/WhatsApp-Image-2024-05-13-at-11.10.00.jpeg","type":"image\/jpeg"}],"author":"Liceo Militar General Espejo","twitter_card":"summary_large_image","twitter_misc":{"Escrito por":"Liceo Militar General Espejo","Tiempo de lectura":"1 minuto"},"schema":{"@context":"https:\/\/schema.org","@graph":[{"@type":"Article","@id":"https:\/\/liceoespejo.edu.ar\/lmge\/11-de-mayo-dia-del-himno-nacional-argentino\/#article","isPartOf":{"@id":"https:\/\/liceoespejo.edu.ar\/lmge\/11-de-mayo-dia-del-himno-nacional-argentino\/"},"author":{"name":"Liceo Militar General Espejo","@id":"https:\/\/liceoespejo.edu.ar\/lmge\/#\/schema\/person\/7635465becde349b687a947aaee14c54"},"headline":"11 de Mayo &#8211; D\u00eda del Himno Nacional Argentino","datePublished":"2024-05-13T20:23:18+00:00","dateModified":"2024-05-13T20:36:17+00:00","mainEntityOfPage":{"@id":"https:\/\/liceoespejo.edu.ar\/lmge\/11-de-mayo-dia-del-himno-nacional-argentino\/"},"wordCount":91,"publisher":{"@id":"https:\/\/liceoespejo.edu.ar\/lmge\/#organization"},"image":{"@id":"https:\/\/liceoespejo.edu.ar\/lmge\/11-de-mayo-dia-del-himno-nacional-argentino\/#primaryimage"},"thumbnailUrl":"https:\/\/liceoespejo.edu.ar\/lmge\/wp-content\/uploads\/2024\/05\/WhatsApp-Image-2024-05-13-at-11.10.00.jpeg","articleSection":["Actividades","Actos y formaciones"],"inLanguage":"es"},{"@type":"WebPage","@id":"https:\/\/liceoespejo.edu.ar\/lmge\/11-de-mayo-dia-del-himno-nacional-argentino\/","url":"https:\/\/liceoespejo.edu.ar\/lmge\/11-de-mayo-dia-del-himno-nacional-argentino\/","name":"11 de Mayo - D\u00eda del Himno Nacional Argentino - Liceo Militar General Espejo","isPartOf":{"@id":"https:\/\/liceoespejo.edu.ar\/lmge\/#website"},"primaryImageOfPage":{"@id":"https:\/\/liceoespejo.edu.ar\/lmge\/11-de-mayo-dia-del-himno-nacional-argentino\/#primaryimage"},"image":{"@id":"https:\/\/liceoespejo.edu.ar\/lmge\/11-de-mayo-dia-del-himno-nacional-argentino\/#primaryimage"},"thumbnailUrl":"https:\/\/liceoespejo.edu.ar\/lmge\/wp-content\/uploads\/2024\/05\/WhatsApp-Image-2024-05-13-at-11.10.00.jpeg","datePublished":"2024-05-13T20:23:18+00:00","dateModified":"2024-05-13T20:36:17+00:00","breadcrumb":{"@id":"https:\/\/liceoespejo.edu.ar\/lmge\/11-de-mayo-dia-del-himno-nacional-argentino\/#breadcrumb"},"inLanguage":"es","potentialAction":[{"@type":"ReadAction","target":["https:\/\/liceoespejo.edu.ar\/lmge\/11-de-mayo-dia-del-himno-nacional-argentino\/"]}]},{"@type":"ImageObject","inLanguage":"es","@id":"https:\/\/liceoespejo.edu.ar\/lmge\/11-de-mayo-dia-del-himno-nacional-argentino\/#primaryimage","url":"https:\/\/liceoespejo.edu.ar\/lmge\/wp-content\/uploads\/2024\/05\/WhatsApp-Image-2024-05-13-at-11.10.00.jpeg","contentUrl":"https:\/\/liceoespejo.edu.ar\/lmge\/wp-content\/uploads\/2024\/05\/WhatsApp-Image-2024-05-13-at-11.10.00.jpeg","width":1280,"height":720},{"@type":"BreadcrumbList","@id":"https:\/\/liceoespejo.edu.ar\/lmge\/11-de-mayo-dia-del-himno-nacional-argentino\/#breadcrumb","itemListElement":[{"@type":"ListItem","position":1,"name":"Portada","item":"https:\/\/liceoespejo.edu.ar\/lmge\/"},{"@type":"ListItem","position":2,"name":"11 de Mayo &#8211; D\u00eda del Himno Nacional Argentino"}]},{"@type":"WebSite","@id":"https:\/\/liceoespejo.edu.ar\/lmge\/#website","url":"https:\/\/liceoespejo.edu.ar\/lmge\/","name":"Liceo Militar General Espejo","description":"Colegio de educaci\u00f3n inicial, primaria y secundaria","publisher":{"@id":"https:\/\/liceoespejo.edu.ar\/lmge\/#organization"},"potentialAction":[{"@type":"SearchAction","target":{"@type":"EntryPoint","urlTemplate":"https:\/\/liceoespejo.edu.ar\/lmge\/?s={search_term_string}"},"query-input":{"@type":"PropertyValueSpecification","valueRequired":true,"valueName":"search_term_string"}}],"inLanguage":"es"},{"@type":"Organization","@id":"https:\/\/liceoespejo.edu.ar\/lmge\/#organization","name":"Liceo Militar General Espejo","url":"https:\/\/liceoespejo.edu.ar\/lmge\/","logo":{"@type":"ImageObject","inLanguage":"es","@id":"https:\/\/liceoespejo.edu.ar\/lmge\/#\/schema\/logo\/image\/","url":"https:\/\/liceoespejo.edu.ar\/lmge\/wp-content\/uploads\/2023\/03\/infanteria5.png","contentUrl":"https:\/\/liceoespejo.edu.ar\/lmge\/wp-content\/uploads\/2023\/03\/infanteria5.png","width":370,"height":370,"caption":"Liceo Militar General Espejo"},"image":{"@id":"https:\/\/liceoespejo.edu.ar\/lmge\/#\/schema\/logo\/image\/"},"sameAs":["https:\/\/www.facebook.com\/liceomilitargeneralespejo"]},{"@type":"Person","@id":"https:\/\/liceoespejo.edu.ar\/lmge\/#\/schema\/person\/7635465becde349b687a947aaee14c54","name":"Liceo Militar General Espejo","image":{"@type":"ImageObject","inLanguage":"es","@id":"https:\/\/liceoespejo.edu.ar\/lmge\/wp-content\/uploads\/2025\/02\/Logo-liceo-crisol.png","url":"https:\/\/liceoespejo.edu.ar\/lmge\/wp-content\/uploads\/2025\/02\/Logo-liceo-crisol.png","contentUrl":"https:\/\/liceoespejo.edu.ar\/lmge\/wp-content\/uploads\/2025\/02\/Logo-liceo-crisol.png","caption":"Liceo Militar General Espejo"},"url":"https:\/\/liceoespejo.edu.ar\/lmge\/author\/lmge\/"}]}},"_links":{"self":[{"href":"https:\/\/liceoespejo.edu.ar\/lmge\/wp-json\/wp\/v2\/posts\/3600","targetHints":{"allow":["GET"]}}],"collection":[{"href":"https:\/\/liceoespejo.edu.ar\/lmge\/wp-json\/wp\/v2\/posts"}],"about":[{"href":"https:\/\/liceoespejo.edu.ar\/lmge\/wp-json\/wp\/v2\/types\/post"}],"author":[{"embeddable":true,"href":"https:\/\/liceoespejo.edu.ar\/lmge\/wp-json\/wp\/v2\/users\/4"}],"replies":[{"embeddable":true,"href":"https:\/\/liceoespejo.edu.ar\/lmge\/wp-json\/wp\/v2\/comments?post=3600"}],"version-history":[{"count":1,"href":"https:\/\/liceoespejo.edu.ar\/lmge\/wp-json\/wp\/v2\/posts\/3600\/revisions"}],"predecessor-version":[{"id":3604,"href":"https:\/\/liceoespejo.edu.ar\/lmge\/wp-json\/wp\/v2\/posts\/3600\/revisions\/3604"}],"wp:featuredmedia":[{"embeddable":true,"href":"https:\/\/liceoespejo.edu.ar\/lmge\/wp-json\/wp\/v2\/media\/3602"}],"wp:attachment":[{"href":"https:\/\/liceoespejo.edu.ar\/lmge\/wp-json\/wp\/v2\/media?parent=3600"}],"wp:term":[{"taxonomy":"category","embeddable":true,"href":"https:\/\/liceoespejo.edu.ar\/lmge\/wp-json\/wp\/v2\/categories?post=3600"},{"taxonomy":"post_tag","embeddable":true,"href":"https:\/\/liceoespejo.edu.ar\/lmge\/wp-json\/wp\/v2\/tags?post=3600"}],"curies":[{"name":"wp","href":"https:\/\/api.w.org\/{rel}","templated":true}]}}