{"id":3781,"date":"2024-09-23T20:50:46","date_gmt":"2024-09-23T23:50:46","guid":{"rendered":"https:\/\/liceoespejo.edu.ar\/lmge\/?p=3781"},"modified":"2024-09-23T20:50:46","modified_gmt":"2024-09-23T23:50:46","slug":"ceremonia-inaugural-juegos-culturales-y-deportivos-interliceos-2024","status":"publish","type":"post","link":"https:\/\/liceoespejo.edu.ar\/lmge\/ceremonia-inaugural-juegos-culturales-y-deportivos-interliceos-2024\/","title":{"rendered":"Ceremonia Inaugural Juegos Culturales y Deportivos Interliceos 2024"},"content":{"rendered":"<p>Dando inicio a los Juegos Culturales y Deportivos Interliceos 2024, el d\u00eda domingo 22 del presente se realiz\u00f3 la ceremonia de inicio.<\/p>\n<p><img loading=\"lazy\" decoding=\"async\" class=\"wp-image-3783 alignright\" src=\"https:\/\/liceoespejo.edu.ar\/lmge\/wp-content\/uploads\/2024\/09\/interliceos003.jpg\" alt=\"\" width=\"228\" height=\"341\" srcset=\"https:\/\/liceoespejo.edu.ar\/lmge\/wp-content\/uploads\/2024\/09\/interliceos003.jpg 638w, https:\/\/liceoespejo.edu.ar\/lmge\/wp-content\/uploads\/2024\/09\/interliceos003-201x300.jpg 201w\" sizes=\"auto, (max-width: 228px) 100vw, 228px\" \/>De la misma participaron mas de 600 chicos de todas las delegaciones participantes, adem\u00e1s de las autoridades de los distintos institutos, Jefes y Encargados de Elementos de la Guarnici\u00f3n y una gran cantidad de p\u00fablico general que nos acompa\u00f1\u00f3 con gran entusiasmo. La ceremonia fue presidida por el Director General de Educaci\u00f3n, General de Brigada Jorge Alberto Puebla, acompa\u00f1ado por el Dr. Ra\u00fal Marino, Secretario de Investigaci\u00f3n, Pol\u00edtica Industrial y Producci\u00f3n para la Defensa en representaci\u00f3n del Sr. Ministro de Defesa.<\/p>\n<p>Los Interliceos se desarrollar\u00e1n desde el lunes 23 hasta el jueves 26 de septiembre, en los cuales los institutos competir\u00e1n en Atletismo, Hockey, F\u00fatbol, Rugby, Voley, Tiro y un Juego Cultural. Cada una de las disciplinas otorgar\u00e1 puntajes en los distintos puestos, los cuales se acumular\u00e1n y determinar\u00e1n el instituto que se consagre acreedor de la copa Challenger.<\/p>\n<p>&nbsp;<\/p>\n","protected":false},"excerpt":{"rendered":"<p>Dando inicio a los Juegos Culturales y Deportivos Interliceos 2024, el d\u00eda domingo 22 del presente se realiz\u00f3 la ceremonia de inicio. De la misma participaron mas de 600 chicos de todas las delegaciones participantes, adem\u00e1s de las autoridades de los distintos institutos, Jefes y Encargados de Elementos de la &hellip; <\/p>\n","protected":false},"author":4,"featured_media":3782,"comment_status":"closed","ping_status":"closed","sticky":false,"template":"","format":"standard","meta":{"ngg_post_thumbnail":0,"footnotes":""},"categories":[16,3],"tags":[],"class_list":["post-3781","post","type-post","status-publish","format-standard","has-post-thumbnail","hentry","category-actividades","category-actos-y-formaciones"],"yoast_head":"<!-- This site is optimized with the Yoast SEO plugin v27.5 - https:\/\/yoast.com\/product\/yoast-seo-wordpress\/ -->\n<title>Ceremonia Inaugural Juegos Culturales y Deportivos Interliceos 2024 - Liceo Militar General Espejo<\/title>\n<meta name=\"robots\" content=\"index, follow, max-snippet:-1, max-image-preview:large, max-video-preview:-1\" \/>\n<link rel=\"canonical\" href=\"https:\/\/liceoespejo.edu.ar\/lmge\/ceremonia-inaugural-juegos-culturales-y-deportivos-interliceos-2024\/\" \/>\n<meta property=\"og:locale\" content=\"es_ES\" \/>\n<meta property=\"og:type\" content=\"article\" \/>\n<meta property=\"og:title\" content=\"Ceremonia Inaugural Juegos Culturales y Deportivos Interliceos 2024 - Liceo Militar General Espejo\" \/>\n<meta property=\"og:description\" content=\"Dando inicio a los Juegos Culturales y Deportivos Interliceos 2024, el d\u00eda domingo 22 del presente se realiz\u00f3 la ceremonia de inicio. De la misma participaron mas de 600 chicos de todas las delegaciones participantes, adem\u00e1s de las autoridades de los distintos institutos, Jefes y Encargados de Elementos de la &hellip;\" \/>\n<meta property=\"og:url\" content=\"https:\/\/liceoespejo.edu.ar\/lmge\/ceremonia-inaugural-juegos-culturales-y-deportivos-interliceos-2024\/\" \/>\n<meta property=\"og:site_name\" content=\"Liceo Militar General Espejo\" \/>\n<meta property=\"article:publisher\" content=\"https:\/\/www.facebook.com\/liceomilitargeneralespejo\" \/>\n<meta property=\"article:published_time\" content=\"2024-09-23T23:50:46+00:00\" \/>\n<meta property=\"og:image\" content=\"https:\/\/liceoespejo.edu.ar\/lmge\/wp-content\/uploads\/2024\/09\/interliceos001.jpg\" \/>\n\t<meta property=\"og:image:width\" content=\"647\" \/>\n\t<meta property=\"og:image:height\" content=\"307\" \/>\n\t<meta property=\"og:image:type\" content=\"image\/jpeg\" \/>\n<meta name=\"author\" content=\"Liceo Militar General Espejo\" \/>\n<meta name=\"twitter:card\" content=\"summary_large_image\" \/>\n<meta name=\"twitter:label1\" content=\"Escrito por\" \/>\n\t<meta name=\"twitter:data1\" content=\"Liceo Militar General Espejo\" \/>\n\t<meta name=\"twitter:label2\" content=\"Tiempo de lectura\" \/>\n\t<meta name=\"twitter:data2\" content=\"2 minutos\" \/>\n<script type=\"application\/ld+json\" class=\"yoast-schema-graph\">{\"@context\":\"https:\\\/\\\/schema.org\",\"@graph\":[{\"@type\":\"Article\",\"@id\":\"https:\\\/\\\/liceoespejo.edu.ar\\\/lmge\\\/ceremonia-inaugural-juegos-culturales-y-deportivos-interliceos-2024\\\/#article\",\"isPartOf\":{\"@id\":\"https:\\\/\\\/liceoespejo.edu.ar\\\/lmge\\\/ceremonia-inaugural-juegos-culturales-y-deportivos-interliceos-2024\\\/\"},\"author\":{\"name\":\"Liceo Militar General Espejo\",\"@id\":\"https:\\\/\\\/liceoespejo.edu.ar\\\/lmge\\\/#\\\/schema\\\/person\\\/7635465becde349b687a947aaee14c54\"},\"headline\":\"Ceremonia Inaugural Juegos Culturales y Deportivos Interliceos 2024\",\"datePublished\":\"2024-09-23T23:50:46+00:00\",\"mainEntityOfPage\":{\"@id\":\"https:\\\/\\\/liceoespejo.edu.ar\\\/lmge\\\/ceremonia-inaugural-juegos-culturales-y-deportivos-interliceos-2024\\\/\"},\"wordCount\":180,\"publisher\":{\"@id\":\"https:\\\/\\\/liceoespejo.edu.ar\\\/lmge\\\/#organization\"},\"image\":{\"@id\":\"https:\\\/\\\/liceoespejo.edu.ar\\\/lmge\\\/ceremonia-inaugural-juegos-culturales-y-deportivos-interliceos-2024\\\/#primaryimage\"},\"thumbnailUrl\":\"https:\\\/\\\/liceoespejo.edu.ar\\\/lmge\\\/wp-content\\\/uploads\\\/2024\\\/09\\\/interliceos001.jpg\",\"articleSection\":[\"Actividades\",\"Actos y formaciones\"],\"inLanguage\":\"es\"},{\"@type\":\"WebPage\",\"@id\":\"https:\\\/\\\/liceoespejo.edu.ar\\\/lmge\\\/ceremonia-inaugural-juegos-culturales-y-deportivos-interliceos-2024\\\/\",\"url\":\"https:\\\/\\\/liceoespejo.edu.ar\\\/lmge\\\/ceremonia-inaugural-juegos-culturales-y-deportivos-interliceos-2024\\\/\",\"name\":\"Ceremonia Inaugural Juegos Culturales y Deportivos Interliceos 2024 - Liceo Militar General Espejo\",\"isPartOf\":{\"@id\":\"https:\\\/\\\/liceoespejo.edu.ar\\\/lmge\\\/#website\"},\"primaryImageOfPage\":{\"@id\":\"https:\\\/\\\/liceoespejo.edu.ar\\\/lmge\\\/ceremonia-inaugural-juegos-culturales-y-deportivos-interliceos-2024\\\/#primaryimage\"},\"image\":{\"@id\":\"https:\\\/\\\/liceoespejo.edu.ar\\\/lmge\\\/ceremonia-inaugural-juegos-culturales-y-deportivos-interliceos-2024\\\/#primaryimage\"},\"thumbnailUrl\":\"https:\\\/\\\/liceoespejo.edu.ar\\\/lmge\\\/wp-content\\\/uploads\\\/2024\\\/09\\\/interliceos001.jpg\",\"datePublished\":\"2024-09-23T23:50:46+00:00\",\"breadcrumb\":{\"@id\":\"https:\\\/\\\/liceoespejo.edu.ar\\\/lmge\\\/ceremonia-inaugural-juegos-culturales-y-deportivos-interliceos-2024\\\/#breadcrumb\"},\"inLanguage\":\"es\",\"potentialAction\":[{\"@type\":\"ReadAction\",\"target\":[\"https:\\\/\\\/liceoespejo.edu.ar\\\/lmge\\\/ceremonia-inaugural-juegos-culturales-y-deportivos-interliceos-2024\\\/\"]}]},{\"@type\":\"ImageObject\",\"inLanguage\":\"es\",\"@id\":\"https:\\\/\\\/liceoespejo.edu.ar\\\/lmge\\\/ceremonia-inaugural-juegos-culturales-y-deportivos-interliceos-2024\\\/#primaryimage\",\"url\":\"https:\\\/\\\/liceoespejo.edu.ar\\\/lmge\\\/wp-content\\\/uploads\\\/2024\\\/09\\\/interliceos001.jpg\",\"contentUrl\":\"https:\\\/\\\/liceoespejo.edu.ar\\\/lmge\\\/wp-content\\\/uploads\\\/2024\\\/09\\\/interliceos001.jpg\",\"width\":647,\"height\":307},{\"@type\":\"BreadcrumbList\",\"@id\":\"https:\\\/\\\/liceoespejo.edu.ar\\\/lmge\\\/ceremonia-inaugural-juegos-culturales-y-deportivos-interliceos-2024\\\/#breadcrumb\",\"itemListElement\":[{\"@type\":\"ListItem\",\"position\":1,\"name\":\"Portada\",\"item\":\"https:\\\/\\\/liceoespejo.edu.ar\\\/lmge\\\/\"},{\"@type\":\"ListItem\",\"position\":2,\"name\":\"Ceremonia Inaugural Juegos Culturales y Deportivos Interliceos 2024\"}]},{\"@type\":\"WebSite\",\"@id\":\"https:\\\/\\\/liceoespejo.edu.ar\\\/lmge\\\/#website\",\"url\":\"https:\\\/\\\/liceoespejo.edu.ar\\\/lmge\\\/\",\"name\":\"Liceo Militar General Espejo\",\"description\":\"Colegio de educaci\u00f3n inicial, primaria y secundaria\",\"publisher\":{\"@id\":\"https:\\\/\\\/liceoespejo.edu.ar\\\/lmge\\\/#organization\"},\"potentialAction\":[{\"@type\":\"SearchAction\",\"target\":{\"@type\":\"EntryPoint\",\"urlTemplate\":\"https:\\\/\\\/liceoespejo.edu.ar\\\/lmge\\\/?s={search_term_string}\"},\"query-input\":{\"@type\":\"PropertyValueSpecification\",\"valueRequired\":true,\"valueName\":\"search_term_string\"}}],\"inLanguage\":\"es\"},{\"@type\":\"Organization\",\"@id\":\"https:\\\/\\\/liceoespejo.edu.ar\\\/lmge\\\/#organization\",\"name\":\"Liceo Militar General Espejo\",\"url\":\"https:\\\/\\\/liceoespejo.edu.ar\\\/lmge\\\/\",\"logo\":{\"@type\":\"ImageObject\",\"inLanguage\":\"es\",\"@id\":\"https:\\\/\\\/liceoespejo.edu.ar\\\/lmge\\\/#\\\/schema\\\/logo\\\/image\\\/\",\"url\":\"https:\\\/\\\/liceoespejo.edu.ar\\\/lmge\\\/wp-content\\\/uploads\\\/2023\\\/03\\\/infanteria5.png\",\"contentUrl\":\"https:\\\/\\\/liceoespejo.edu.ar\\\/lmge\\\/wp-content\\\/uploads\\\/2023\\\/03\\\/infanteria5.png\",\"width\":370,\"height\":370,\"caption\":\"Liceo Militar General Espejo\"},\"image\":{\"@id\":\"https:\\\/\\\/liceoespejo.edu.ar\\\/lmge\\\/#\\\/schema\\\/logo\\\/image\\\/\"},\"sameAs\":[\"https:\\\/\\\/www.facebook.com\\\/liceomilitargeneralespejo\"]},{\"@type\":\"Person\",\"@id\":\"https:\\\/\\\/liceoespejo.edu.ar\\\/lmge\\\/#\\\/schema\\\/person\\\/7635465becde349b687a947aaee14c54\",\"name\":\"Liceo Militar General Espejo\",\"image\":{\"@type\":\"ImageObject\",\"inLanguage\":\"es\",\"@id\":\"https:\\\/\\\/liceoespejo.edu.ar\\\/lmge\\\/wp-content\\\/uploads\\\/2025\\\/02\\\/Logo-liceo-crisol.png\",\"url\":\"https:\\\/\\\/liceoespejo.edu.ar\\\/lmge\\\/wp-content\\\/uploads\\\/2025\\\/02\\\/Logo-liceo-crisol.png\",\"contentUrl\":\"https:\\\/\\\/liceoespejo.edu.ar\\\/lmge\\\/wp-content\\\/uploads\\\/2025\\\/02\\\/Logo-liceo-crisol.png\",\"caption\":\"Liceo Militar General Espejo\"},\"url\":\"https:\\\/\\\/liceoespejo.edu.ar\\\/lmge\\\/author\\\/lmge\\\/\"}]}<\/script>\n<!-- \/ Yoast SEO plugin. -->","yoast_head_json":{"title":"Ceremonia Inaugural Juegos Culturales y Deportivos Interliceos 2024 - Liceo Militar General Espejo","robots":{"index":"index","follow":"follow","max-snippet":"max-snippet:-1","max-image-preview":"max-image-preview:large","max-video-preview":"max-video-preview:-1"},"canonical":"https:\/\/liceoespejo.edu.ar\/lmge\/ceremonia-inaugural-juegos-culturales-y-deportivos-interliceos-2024\/","og_locale":"es_ES","og_type":"article","og_title":"Ceremonia Inaugural Juegos Culturales y Deportivos Interliceos 2024 - Liceo Militar General Espejo","og_description":"Dando inicio a los Juegos Culturales y Deportivos Interliceos 2024, el d\u00eda domingo 22 del presente se realiz\u00f3 la ceremonia de inicio. De la misma participaron mas de 600 chicos de todas las delegaciones participantes, adem\u00e1s de las autoridades de los distintos institutos, Jefes y Encargados de Elementos de la &hellip;","og_url":"https:\/\/liceoespejo.edu.ar\/lmge\/ceremonia-inaugural-juegos-culturales-y-deportivos-interliceos-2024\/","og_site_name":"Liceo Militar General Espejo","article_publisher":"https:\/\/www.facebook.com\/liceomilitargeneralespejo","article_published_time":"2024-09-23T23:50:46+00:00","og_image":[{"width":647,"height":307,"url":"https:\/\/liceoespejo.edu.ar\/lmge\/wp-content\/uploads\/2024\/09\/interliceos001.jpg","type":"image\/jpeg"}],"author":"Liceo Militar General Espejo","twitter_card":"summary_large_image","twitter_misc":{"Escrito por":"Liceo Militar General Espejo","Tiempo de lectura":"2 minutos"},"schema":{"@context":"https:\/\/schema.org","@graph":[{"@type":"Article","@id":"https:\/\/liceoespejo.edu.ar\/lmge\/ceremonia-inaugural-juegos-culturales-y-deportivos-interliceos-2024\/#article","isPartOf":{"@id":"https:\/\/liceoespejo.edu.ar\/lmge\/ceremonia-inaugural-juegos-culturales-y-deportivos-interliceos-2024\/"},"author":{"name":"Liceo Militar General Espejo","@id":"https:\/\/liceoespejo.edu.ar\/lmge\/#\/schema\/person\/7635465becde349b687a947aaee14c54"},"headline":"Ceremonia Inaugural Juegos Culturales y Deportivos Interliceos 2024","datePublished":"2024-09-23T23:50:46+00:00","mainEntityOfPage":{"@id":"https:\/\/liceoespejo.edu.ar\/lmge\/ceremonia-inaugural-juegos-culturales-y-deportivos-interliceos-2024\/"},"wordCount":180,"publisher":{"@id":"https:\/\/liceoespejo.edu.ar\/lmge\/#organization"},"image":{"@id":"https:\/\/liceoespejo.edu.ar\/lmge\/ceremonia-inaugural-juegos-culturales-y-deportivos-interliceos-2024\/#primaryimage"},"thumbnailUrl":"https:\/\/liceoespejo.edu.ar\/lmge\/wp-content\/uploads\/2024\/09\/interliceos001.jpg","articleSection":["Actividades","Actos y formaciones"],"inLanguage":"es"},{"@type":"WebPage","@id":"https:\/\/liceoespejo.edu.ar\/lmge\/ceremonia-inaugural-juegos-culturales-y-deportivos-interliceos-2024\/","url":"https:\/\/liceoespejo.edu.ar\/lmge\/ceremonia-inaugural-juegos-culturales-y-deportivos-interliceos-2024\/","name":"Ceremonia Inaugural Juegos Culturales y Deportivos Interliceos 2024 - Liceo Militar General Espejo","isPartOf":{"@id":"https:\/\/liceoespejo.edu.ar\/lmge\/#website"},"primaryImageOfPage":{"@id":"https:\/\/liceoespejo.edu.ar\/lmge\/ceremonia-inaugural-juegos-culturales-y-deportivos-interliceos-2024\/#primaryimage"},"image":{"@id":"https:\/\/liceoespejo.edu.ar\/lmge\/ceremonia-inaugural-juegos-culturales-y-deportivos-interliceos-2024\/#primaryimage"},"thumbnailUrl":"https:\/\/liceoespejo.edu.ar\/lmge\/wp-content\/uploads\/2024\/09\/interliceos001.jpg","datePublished":"2024-09-23T23:50:46+00:00","breadcrumb":{"@id":"https:\/\/liceoespejo.edu.ar\/lmge\/ceremonia-inaugural-juegos-culturales-y-deportivos-interliceos-2024\/#breadcrumb"},"inLanguage":"es","potentialAction":[{"@type":"ReadAction","target":["https:\/\/liceoespejo.edu.ar\/lmge\/ceremonia-inaugural-juegos-culturales-y-deportivos-interliceos-2024\/"]}]},{"@type":"ImageObject","inLanguage":"es","@id":"https:\/\/liceoespejo.edu.ar\/lmge\/ceremonia-inaugural-juegos-culturales-y-deportivos-interliceos-2024\/#primaryimage","url":"https:\/\/liceoespejo.edu.ar\/lmge\/wp-content\/uploads\/2024\/09\/interliceos001.jpg","contentUrl":"https:\/\/liceoespejo.edu.ar\/lmge\/wp-content\/uploads\/2024\/09\/interliceos001.jpg","width":647,"height":307},{"@type":"BreadcrumbList","@id":"https:\/\/liceoespejo.edu.ar\/lmge\/ceremonia-inaugural-juegos-culturales-y-deportivos-interliceos-2024\/#breadcrumb","itemListElement":[{"@type":"ListItem","position":1,"name":"Portada","item":"https:\/\/liceoespejo.edu.ar\/lmge\/"},{"@type":"ListItem","position":2,"name":"Ceremonia Inaugural Juegos Culturales y Deportivos Interliceos 2024"}]},{"@type":"WebSite","@id":"https:\/\/liceoespejo.edu.ar\/lmge\/#website","url":"https:\/\/liceoespejo.edu.ar\/lmge\/","name":"Liceo Militar General Espejo","description":"Colegio de educaci\u00f3n inicial, primaria y secundaria","publisher":{"@id":"https:\/\/liceoespejo.edu.ar\/lmge\/#organization"},"potentialAction":[{"@type":"SearchAction","target":{"@type":"EntryPoint","urlTemplate":"https:\/\/liceoespejo.edu.ar\/lmge\/?s={search_term_string}"},"query-input":{"@type":"PropertyValueSpecification","valueRequired":true,"valueName":"search_term_string"}}],"inLanguage":"es"},{"@type":"Organization","@id":"https:\/\/liceoespejo.edu.ar\/lmge\/#organization","name":"Liceo Militar General Espejo","url":"https:\/\/liceoespejo.edu.ar\/lmge\/","logo":{"@type":"ImageObject","inLanguage":"es","@id":"https:\/\/liceoespejo.edu.ar\/lmge\/#\/schema\/logo\/image\/","url":"https:\/\/liceoespejo.edu.ar\/lmge\/wp-content\/uploads\/2023\/03\/infanteria5.png","contentUrl":"https:\/\/liceoespejo.edu.ar\/lmge\/wp-content\/uploads\/2023\/03\/infanteria5.png","width":370,"height":370,"caption":"Liceo Militar General Espejo"},"image":{"@id":"https:\/\/liceoespejo.edu.ar\/lmge\/#\/schema\/logo\/image\/"},"sameAs":["https:\/\/www.facebook.com\/liceomilitargeneralespejo"]},{"@type":"Person","@id":"https:\/\/liceoespejo.edu.ar\/lmge\/#\/schema\/person\/7635465becde349b687a947aaee14c54","name":"Liceo Militar General Espejo","image":{"@type":"ImageObject","inLanguage":"es","@id":"https:\/\/liceoespejo.edu.ar\/lmge\/wp-content\/uploads\/2025\/02\/Logo-liceo-crisol.png","url":"https:\/\/liceoespejo.edu.ar\/lmge\/wp-content\/uploads\/2025\/02\/Logo-liceo-crisol.png","contentUrl":"https:\/\/liceoespejo.edu.ar\/lmge\/wp-content\/uploads\/2025\/02\/Logo-liceo-crisol.png","caption":"Liceo Militar General Espejo"},"url":"https:\/\/liceoespejo.edu.ar\/lmge\/author\/lmge\/"}]}},"_links":{"self":[{"href":"https:\/\/liceoespejo.edu.ar\/lmge\/wp-json\/wp\/v2\/posts\/3781","targetHints":{"allow":["GET"]}}],"collection":[{"href":"https:\/\/liceoespejo.edu.ar\/lmge\/wp-json\/wp\/v2\/posts"}],"about":[{"href":"https:\/\/liceoespejo.edu.ar\/lmge\/wp-json\/wp\/v2\/types\/post"}],"author":[{"embeddable":true,"href":"https:\/\/liceoespejo.edu.ar\/lmge\/wp-json\/wp\/v2\/users\/4"}],"replies":[{"embeddable":true,"href":"https:\/\/liceoespejo.edu.ar\/lmge\/wp-json\/wp\/v2\/comments?post=3781"}],"version-history":[{"count":1,"href":"https:\/\/liceoespejo.edu.ar\/lmge\/wp-json\/wp\/v2\/posts\/3781\/revisions"}],"predecessor-version":[{"id":3784,"href":"https:\/\/liceoespejo.edu.ar\/lmge\/wp-json\/wp\/v2\/posts\/3781\/revisions\/3784"}],"wp:featuredmedia":[{"embeddable":true,"href":"https:\/\/liceoespejo.edu.ar\/lmge\/wp-json\/wp\/v2\/media\/3782"}],"wp:attachment":[{"href":"https:\/\/liceoespejo.edu.ar\/lmge\/wp-json\/wp\/v2\/media?parent=3781"}],"wp:term":[{"taxonomy":"category","embeddable":true,"href":"https:\/\/liceoespejo.edu.ar\/lmge\/wp-json\/wp\/v2\/categories?post=3781"},{"taxonomy":"post_tag","embeddable":true,"href":"https:\/\/liceoespejo.edu.ar\/lmge\/wp-json\/wp\/v2\/tags?post=3781"}],"curies":[{"name":"wp","href":"https:\/\/api.w.org\/{rel}","templated":true}]}}