{"id":3974,"date":"2025-05-23T08:39:21","date_gmt":"2025-05-23T11:39:21","guid":{"rendered":"https:\/\/liceoespejo.edu.ar\/lmge\/?p=3974"},"modified":"2025-05-23T08:39:21","modified_gmt":"2025-05-23T11:39:21","slug":"el-valor-del-liderazgo","status":"publish","type":"post","link":"https:\/\/liceoespejo.edu.ar\/lmge\/el-valor-del-liderazgo\/","title":{"rendered":"El valor del Liderazgo"},"content":{"rendered":"<p>El valor lo otorga la persona. La teor\u00eda axiol\u00f3gica pregonada por el fil\u00f3sofo americano Ralph Barton Perry (1876-1957) est\u00e1 centrada en la doctrina subjetivista. Valor, del griego axios, es lo digno de ser estimado o buscado.<\/p>\n<p>Lo valioso puede tener su origen en una necesidad. Donde hay una vida hay una necesidad en potencia, pueden ser fisiol\u00f3gicas, f\u00edsicas, ps\u00edquicas, sociales, materiales, espirituales, laborales, y todas aquellas que en cada persona surjan durante su existencia.<\/p>\n<p>Hay necesidades colectivas, que ata\u00f1en a un grupo a una ciudad o a una regi\u00f3n, y que a trav\u00e9s de las mismas el ser humano puede unirse para asumirlas en conjunto. Hay circunstancias que destilan urgencias y tambi\u00e9n hay responsables que deben asumir la tarea de trabajar para atenderlas. Perry cre\u00eda que el sujeto es el que puede darle fundamento al valor. Hay una actitud de parte de la persona que decide darle estima a algo o a alguien. Para el profesor Ralph no es el objeto lo que provoca valor sino que es el sujeto el que se lo da.<\/p>\n<p>Hay pilares necesarios para construir sociedades. La alimentaci\u00f3n de los ni\u00f1os es determinante para el resto de sus vidas. La salud protegida desde la concepci\u00f3n en el seno materno fortalecer\u00e1 su desarrollo. El aprendizaje a trav\u00e9s del acceso a la educaci\u00f3n formal les abrir\u00e1 un nuevo mundo cognitivo. Las bases parten desde los ni\u00f1os y surgen en cada sector etario y en todos los escenarios sociales. El desaf\u00edo social que nos une es el de erradicar las carencias que privan a las personas del derecho de tener calidad de vida. Donde hay una necesidad debe existir aquello de ser estimado, atendido, cobijado, protegido y querido.<\/p>\n<p>El deseo de valorar al otro debe fomentarse. Hay que conseguir esa acci\u00f3n de desear que la gente est\u00e9 bien; y ese sentimiento puede transformar un grupo y si puede entre unos pocos tambi\u00e9n es viable entre muchos. Lograr superar las necesidades sociales es posible. Para ello es superlativo el valor que se tiene hacia los dem\u00e1s. No se trata de generalizar, es relevante individualizar lo que vivimos diariamente e identificar c\u00f3mo convivimos con quienes est\u00e1n con nosotros. \u00bfQu\u00e9 se\u00f1ales de valor aparecen en nuestras relaciones?, \u00bfqu\u00e9 gestos, mensajes o hechos testimonian el deseo de bienestar hacia el pr\u00f3jimo?<\/p>\n<p>Hay una estrecha relaci\u00f3n entre deseos, necesidades y estimas. \u00bfQu\u00e9 es lo digno de ser buscado? Lo valioso. Es lo que tiene mucha estimaci\u00f3n. Lo preciado, lo precioso, lo provechoso. Hay necesidades que desean ser estimadas.<\/p>\n<p>Perry hablaba que las personas tienen una actitud para todas las situaciones de la vida y a la misma le llam\u00f3 inter\u00e9s. Seg\u00fan el valor que le damos a un hecho es el inter\u00e9s que manifestamos. El inter\u00e9s influye para aceptar o rechazar, para aprovechar o desaprovechar, para unir o dividir, para insistir o desistir, para estimar o desestimar.&nbsp;<\/p>\n<p>El ser humano al ser libre puede elegir qu\u00e9 le interesa y qu\u00e9 no. A qu\u00e9 le presta inter\u00e9s y lo considera valorable. La sensibilidad inunda ese don de libertad cuando los deseos que interesan buscan satisfacer necesidades que dignifican la existencia.<\/p>\n<p>La intenci\u00f3n sensible libera la creatividad de los deseos sublimes. Es necesario pregonar por la participaci\u00f3n social de mujeres y hombres impregnados de sensibilidad. La intensidad de lo que se siente ante las necesidades comunitarias puede servir de motor para vencer la apat\u00eda o la indiferencia.<\/p>\n<p>\u00bfQu\u00e9 nos interesa como sociedad?, El foco hacia la atenci\u00f3n de esos intereses tiene que estar sensibilizado. La preferencia de a qu\u00e9 le damos valor y a qu\u00e9 no, adem\u00e1s de hacernos libres prueba nuestro nivel de compromiso.<\/p>\n<p>Pueden coexistir intereses. En todo hay un valor por descubrir. Y eso nos obliga a ampliar nuestro \u00e1mbito de aplicaci\u00f3n de aquello que consideramos interesante. Desde lo social el valor hacia lo constructivo puede transmitirse y arraigarse en nuestras vidas.<\/p>\n","protected":false},"excerpt":{"rendered":"<p>El valor lo otorga la persona. La teor\u00eda axiol\u00f3gica pregonada por el fil\u00f3sofo americano Ralph Barton Perry (1876-1957) est\u00e1 centrada en la doctrina subjetivista. Valor, del griego axios, es lo digno de ser estimado o buscado. Lo valioso puede tener su origen en una necesidad. Donde hay una vida hay &hellip; <\/p>\n","protected":false},"author":4,"featured_media":3752,"comment_status":"closed","ping_status":"closed","sticky":false,"template":"","format":"standard","meta":{"ngg_post_thumbnail":0,"footnotes":""},"categories":[17,15],"tags":[],"class_list":["post-3974","post","type-post","status-publish","format-standard","has-post-thumbnail","hentry","category-informacion-general","category-liderazgo"],"yoast_head":"<!-- This site is optimized with the Yoast SEO plugin v27.5 - https:\/\/yoast.com\/product\/yoast-seo-wordpress\/ -->\n<title>El valor del Liderazgo - Liceo Militar General Espejo<\/title>\n<meta name=\"robots\" content=\"index, follow, max-snippet:-1, max-image-preview:large, max-video-preview:-1\" \/>\n<link rel=\"canonical\" href=\"https:\/\/liceoespejo.edu.ar\/lmge\/el-valor-del-liderazgo\/\" \/>\n<meta property=\"og:locale\" content=\"es_ES\" \/>\n<meta property=\"og:type\" content=\"article\" \/>\n<meta property=\"og:title\" content=\"El valor del Liderazgo - Liceo Militar General Espejo\" \/>\n<meta property=\"og:description\" content=\"El valor lo otorga la persona. La teor\u00eda axiol\u00f3gica pregonada por el fil\u00f3sofo americano Ralph Barton Perry (1876-1957) est\u00e1 centrada en la doctrina subjetivista. Valor, del griego axios, es lo digno de ser estimado o buscado. Lo valioso puede tener su origen en una necesidad. Donde hay una vida hay &hellip;\" \/>\n<meta property=\"og:url\" content=\"https:\/\/liceoespejo.edu.ar\/lmge\/el-valor-del-liderazgo\/\" \/>\n<meta property=\"og:site_name\" content=\"Liceo Militar General Espejo\" \/>\n<meta property=\"article:publisher\" content=\"https:\/\/www.facebook.com\/liceomilitargeneralespejo\" \/>\n<meta property=\"article:published_time\" content=\"2025-05-23T11:39:21+00:00\" \/>\n<meta property=\"og:image\" content=\"https:\/\/liceoespejo.edu.ar\/lmge\/wp-content\/uploads\/2024\/08\/liderazgo26082024.jpg\" \/>\n\t<meta property=\"og:image:width\" content=\"1022\" \/>\n\t<meta property=\"og:image:height\" content=\"327\" \/>\n\t<meta property=\"og:image:type\" content=\"image\/jpeg\" \/>\n<meta name=\"author\" content=\"Liceo Militar General Espejo\" \/>\n<meta name=\"twitter:card\" content=\"summary_large_image\" \/>\n<meta name=\"twitter:label1\" content=\"Escrito por\" \/>\n\t<meta name=\"twitter:data1\" content=\"Liceo Militar General Espejo\" \/>\n\t<meta name=\"twitter:label2\" content=\"Tiempo de lectura\" \/>\n\t<meta name=\"twitter:data2\" content=\"4 minutos\" \/>\n<script type=\"application\/ld+json\" class=\"yoast-schema-graph\">{\"@context\":\"https:\\\/\\\/schema.org\",\"@graph\":[{\"@type\":\"Article\",\"@id\":\"https:\\\/\\\/liceoespejo.edu.ar\\\/lmge\\\/el-valor-del-liderazgo\\\/#article\",\"isPartOf\":{\"@id\":\"https:\\\/\\\/liceoespejo.edu.ar\\\/lmge\\\/el-valor-del-liderazgo\\\/\"},\"author\":{\"name\":\"Liceo Militar General Espejo\",\"@id\":\"https:\\\/\\\/liceoespejo.edu.ar\\\/lmge\\\/#\\\/schema\\\/person\\\/7635465becde349b687a947aaee14c54\"},\"headline\":\"El valor del Liderazgo\",\"datePublished\":\"2025-05-23T11:39:21+00:00\",\"mainEntityOfPage\":{\"@id\":\"https:\\\/\\\/liceoespejo.edu.ar\\\/lmge\\\/el-valor-del-liderazgo\\\/\"},\"wordCount\":683,\"publisher\":{\"@id\":\"https:\\\/\\\/liceoespejo.edu.ar\\\/lmge\\\/#organization\"},\"image\":{\"@id\":\"https:\\\/\\\/liceoespejo.edu.ar\\\/lmge\\\/el-valor-del-liderazgo\\\/#primaryimage\"},\"thumbnailUrl\":\"https:\\\/\\\/liceoespejo.edu.ar\\\/lmge\\\/wp-content\\\/uploads\\\/2024\\\/08\\\/liderazgo26082024.jpg\",\"articleSection\":[\"Informaci\u00f3n general\",\"Liderazgo\"],\"inLanguage\":\"es\"},{\"@type\":\"WebPage\",\"@id\":\"https:\\\/\\\/liceoespejo.edu.ar\\\/lmge\\\/el-valor-del-liderazgo\\\/\",\"url\":\"https:\\\/\\\/liceoespejo.edu.ar\\\/lmge\\\/el-valor-del-liderazgo\\\/\",\"name\":\"El valor del Liderazgo - Liceo Militar General Espejo\",\"isPartOf\":{\"@id\":\"https:\\\/\\\/liceoespejo.edu.ar\\\/lmge\\\/#website\"},\"primaryImageOfPage\":{\"@id\":\"https:\\\/\\\/liceoespejo.edu.ar\\\/lmge\\\/el-valor-del-liderazgo\\\/#primaryimage\"},\"image\":{\"@id\":\"https:\\\/\\\/liceoespejo.edu.ar\\\/lmge\\\/el-valor-del-liderazgo\\\/#primaryimage\"},\"thumbnailUrl\":\"https:\\\/\\\/liceoespejo.edu.ar\\\/lmge\\\/wp-content\\\/uploads\\\/2024\\\/08\\\/liderazgo26082024.jpg\",\"datePublished\":\"2025-05-23T11:39:21+00:00\",\"breadcrumb\":{\"@id\":\"https:\\\/\\\/liceoespejo.edu.ar\\\/lmge\\\/el-valor-del-liderazgo\\\/#breadcrumb\"},\"inLanguage\":\"es\",\"potentialAction\":[{\"@type\":\"ReadAction\",\"target\":[\"https:\\\/\\\/liceoespejo.edu.ar\\\/lmge\\\/el-valor-del-liderazgo\\\/\"]}]},{\"@type\":\"ImageObject\",\"inLanguage\":\"es\",\"@id\":\"https:\\\/\\\/liceoespejo.edu.ar\\\/lmge\\\/el-valor-del-liderazgo\\\/#primaryimage\",\"url\":\"https:\\\/\\\/liceoespejo.edu.ar\\\/lmge\\\/wp-content\\\/uploads\\\/2024\\\/08\\\/liderazgo26082024.jpg\",\"contentUrl\":\"https:\\\/\\\/liceoespejo.edu.ar\\\/lmge\\\/wp-content\\\/uploads\\\/2024\\\/08\\\/liderazgo26082024.jpg\",\"width\":1022,\"height\":327},{\"@type\":\"BreadcrumbList\",\"@id\":\"https:\\\/\\\/liceoespejo.edu.ar\\\/lmge\\\/el-valor-del-liderazgo\\\/#breadcrumb\",\"itemListElement\":[{\"@type\":\"ListItem\",\"position\":1,\"name\":\"Portada\",\"item\":\"https:\\\/\\\/liceoespejo.edu.ar\\\/lmge\\\/\"},{\"@type\":\"ListItem\",\"position\":2,\"name\":\"El valor del Liderazgo\"}]},{\"@type\":\"WebSite\",\"@id\":\"https:\\\/\\\/liceoespejo.edu.ar\\\/lmge\\\/#website\",\"url\":\"https:\\\/\\\/liceoespejo.edu.ar\\\/lmge\\\/\",\"name\":\"Liceo Militar General Espejo\",\"description\":\"Colegio de educaci\u00f3n inicial, primaria y secundaria\",\"publisher\":{\"@id\":\"https:\\\/\\\/liceoespejo.edu.ar\\\/lmge\\\/#organization\"},\"potentialAction\":[{\"@type\":\"SearchAction\",\"target\":{\"@type\":\"EntryPoint\",\"urlTemplate\":\"https:\\\/\\\/liceoespejo.edu.ar\\\/lmge\\\/?s={search_term_string}\"},\"query-input\":{\"@type\":\"PropertyValueSpecification\",\"valueRequired\":true,\"valueName\":\"search_term_string\"}}],\"inLanguage\":\"es\"},{\"@type\":\"Organization\",\"@id\":\"https:\\\/\\\/liceoespejo.edu.ar\\\/lmge\\\/#organization\",\"name\":\"Liceo Militar General Espejo\",\"url\":\"https:\\\/\\\/liceoespejo.edu.ar\\\/lmge\\\/\",\"logo\":{\"@type\":\"ImageObject\",\"inLanguage\":\"es\",\"@id\":\"https:\\\/\\\/liceoespejo.edu.ar\\\/lmge\\\/#\\\/schema\\\/logo\\\/image\\\/\",\"url\":\"https:\\\/\\\/liceoespejo.edu.ar\\\/lmge\\\/wp-content\\\/uploads\\\/2023\\\/03\\\/infanteria5.png\",\"contentUrl\":\"https:\\\/\\\/liceoespejo.edu.ar\\\/lmge\\\/wp-content\\\/uploads\\\/2023\\\/03\\\/infanteria5.png\",\"width\":370,\"height\":370,\"caption\":\"Liceo Militar General Espejo\"},\"image\":{\"@id\":\"https:\\\/\\\/liceoespejo.edu.ar\\\/lmge\\\/#\\\/schema\\\/logo\\\/image\\\/\"},\"sameAs\":[\"https:\\\/\\\/www.facebook.com\\\/liceomilitargeneralespejo\"]},{\"@type\":\"Person\",\"@id\":\"https:\\\/\\\/liceoespejo.edu.ar\\\/lmge\\\/#\\\/schema\\\/person\\\/7635465becde349b687a947aaee14c54\",\"name\":\"Liceo Militar General Espejo\",\"image\":{\"@type\":\"ImageObject\",\"inLanguage\":\"es\",\"@id\":\"https:\\\/\\\/liceoespejo.edu.ar\\\/lmge\\\/wp-content\\\/uploads\\\/2025\\\/02\\\/Logo-liceo-crisol.png\",\"url\":\"https:\\\/\\\/liceoespejo.edu.ar\\\/lmge\\\/wp-content\\\/uploads\\\/2025\\\/02\\\/Logo-liceo-crisol.png\",\"contentUrl\":\"https:\\\/\\\/liceoespejo.edu.ar\\\/lmge\\\/wp-content\\\/uploads\\\/2025\\\/02\\\/Logo-liceo-crisol.png\",\"caption\":\"Liceo Militar General Espejo\"},\"url\":\"https:\\\/\\\/liceoespejo.edu.ar\\\/lmge\\\/author\\\/lmge\\\/\"}]}<\/script>\n<!-- \/ Yoast SEO plugin. -->","yoast_head_json":{"title":"El valor del Liderazgo - Liceo Militar General Espejo","robots":{"index":"index","follow":"follow","max-snippet":"max-snippet:-1","max-image-preview":"max-image-preview:large","max-video-preview":"max-video-preview:-1"},"canonical":"https:\/\/liceoespejo.edu.ar\/lmge\/el-valor-del-liderazgo\/","og_locale":"es_ES","og_type":"article","og_title":"El valor del Liderazgo - Liceo Militar General Espejo","og_description":"El valor lo otorga la persona. La teor\u00eda axiol\u00f3gica pregonada por el fil\u00f3sofo americano Ralph Barton Perry (1876-1957) est\u00e1 centrada en la doctrina subjetivista. Valor, del griego axios, es lo digno de ser estimado o buscado. Lo valioso puede tener su origen en una necesidad. Donde hay una vida hay &hellip;","og_url":"https:\/\/liceoespejo.edu.ar\/lmge\/el-valor-del-liderazgo\/","og_site_name":"Liceo Militar General Espejo","article_publisher":"https:\/\/www.facebook.com\/liceomilitargeneralespejo","article_published_time":"2025-05-23T11:39:21+00:00","og_image":[{"width":1022,"height":327,"url":"https:\/\/liceoespejo.edu.ar\/lmge\/wp-content\/uploads\/2024\/08\/liderazgo26082024.jpg","type":"image\/jpeg"}],"author":"Liceo Militar General Espejo","twitter_card":"summary_large_image","twitter_misc":{"Escrito por":"Liceo Militar General Espejo","Tiempo de lectura":"4 minutos"},"schema":{"@context":"https:\/\/schema.org","@graph":[{"@type":"Article","@id":"https:\/\/liceoespejo.edu.ar\/lmge\/el-valor-del-liderazgo\/#article","isPartOf":{"@id":"https:\/\/liceoespejo.edu.ar\/lmge\/el-valor-del-liderazgo\/"},"author":{"name":"Liceo Militar General Espejo","@id":"https:\/\/liceoespejo.edu.ar\/lmge\/#\/schema\/person\/7635465becde349b687a947aaee14c54"},"headline":"El valor del Liderazgo","datePublished":"2025-05-23T11:39:21+00:00","mainEntityOfPage":{"@id":"https:\/\/liceoespejo.edu.ar\/lmge\/el-valor-del-liderazgo\/"},"wordCount":683,"publisher":{"@id":"https:\/\/liceoespejo.edu.ar\/lmge\/#organization"},"image":{"@id":"https:\/\/liceoespejo.edu.ar\/lmge\/el-valor-del-liderazgo\/#primaryimage"},"thumbnailUrl":"https:\/\/liceoespejo.edu.ar\/lmge\/wp-content\/uploads\/2024\/08\/liderazgo26082024.jpg","articleSection":["Informaci\u00f3n general","Liderazgo"],"inLanguage":"es"},{"@type":"WebPage","@id":"https:\/\/liceoespejo.edu.ar\/lmge\/el-valor-del-liderazgo\/","url":"https:\/\/liceoespejo.edu.ar\/lmge\/el-valor-del-liderazgo\/","name":"El valor del Liderazgo - Liceo Militar General Espejo","isPartOf":{"@id":"https:\/\/liceoespejo.edu.ar\/lmge\/#website"},"primaryImageOfPage":{"@id":"https:\/\/liceoespejo.edu.ar\/lmge\/el-valor-del-liderazgo\/#primaryimage"},"image":{"@id":"https:\/\/liceoespejo.edu.ar\/lmge\/el-valor-del-liderazgo\/#primaryimage"},"thumbnailUrl":"https:\/\/liceoespejo.edu.ar\/lmge\/wp-content\/uploads\/2024\/08\/liderazgo26082024.jpg","datePublished":"2025-05-23T11:39:21+00:00","breadcrumb":{"@id":"https:\/\/liceoespejo.edu.ar\/lmge\/el-valor-del-liderazgo\/#breadcrumb"},"inLanguage":"es","potentialAction":[{"@type":"ReadAction","target":["https:\/\/liceoespejo.edu.ar\/lmge\/el-valor-del-liderazgo\/"]}]},{"@type":"ImageObject","inLanguage":"es","@id":"https:\/\/liceoespejo.edu.ar\/lmge\/el-valor-del-liderazgo\/#primaryimage","url":"https:\/\/liceoespejo.edu.ar\/lmge\/wp-content\/uploads\/2024\/08\/liderazgo26082024.jpg","contentUrl":"https:\/\/liceoespejo.edu.ar\/lmge\/wp-content\/uploads\/2024\/08\/liderazgo26082024.jpg","width":1022,"height":327},{"@type":"BreadcrumbList","@id":"https:\/\/liceoespejo.edu.ar\/lmge\/el-valor-del-liderazgo\/#breadcrumb","itemListElement":[{"@type":"ListItem","position":1,"name":"Portada","item":"https:\/\/liceoespejo.edu.ar\/lmge\/"},{"@type":"ListItem","position":2,"name":"El valor del Liderazgo"}]},{"@type":"WebSite","@id":"https:\/\/liceoespejo.edu.ar\/lmge\/#website","url":"https:\/\/liceoespejo.edu.ar\/lmge\/","name":"Liceo Militar General Espejo","description":"Colegio de educaci\u00f3n inicial, primaria y secundaria","publisher":{"@id":"https:\/\/liceoespejo.edu.ar\/lmge\/#organization"},"potentialAction":[{"@type":"SearchAction","target":{"@type":"EntryPoint","urlTemplate":"https:\/\/liceoespejo.edu.ar\/lmge\/?s={search_term_string}"},"query-input":{"@type":"PropertyValueSpecification","valueRequired":true,"valueName":"search_term_string"}}],"inLanguage":"es"},{"@type":"Organization","@id":"https:\/\/liceoespejo.edu.ar\/lmge\/#organization","name":"Liceo Militar General Espejo","url":"https:\/\/liceoespejo.edu.ar\/lmge\/","logo":{"@type":"ImageObject","inLanguage":"es","@id":"https:\/\/liceoespejo.edu.ar\/lmge\/#\/schema\/logo\/image\/","url":"https:\/\/liceoespejo.edu.ar\/lmge\/wp-content\/uploads\/2023\/03\/infanteria5.png","contentUrl":"https:\/\/liceoespejo.edu.ar\/lmge\/wp-content\/uploads\/2023\/03\/infanteria5.png","width":370,"height":370,"caption":"Liceo Militar General Espejo"},"image":{"@id":"https:\/\/liceoespejo.edu.ar\/lmge\/#\/schema\/logo\/image\/"},"sameAs":["https:\/\/www.facebook.com\/liceomilitargeneralespejo"]},{"@type":"Person","@id":"https:\/\/liceoespejo.edu.ar\/lmge\/#\/schema\/person\/7635465becde349b687a947aaee14c54","name":"Liceo Militar General Espejo","image":{"@type":"ImageObject","inLanguage":"es","@id":"https:\/\/liceoespejo.edu.ar\/lmge\/wp-content\/uploads\/2025\/02\/Logo-liceo-crisol.png","url":"https:\/\/liceoespejo.edu.ar\/lmge\/wp-content\/uploads\/2025\/02\/Logo-liceo-crisol.png","contentUrl":"https:\/\/liceoespejo.edu.ar\/lmge\/wp-content\/uploads\/2025\/02\/Logo-liceo-crisol.png","caption":"Liceo Militar General Espejo"},"url":"https:\/\/liceoespejo.edu.ar\/lmge\/author\/lmge\/"}]}},"_links":{"self":[{"href":"https:\/\/liceoespejo.edu.ar\/lmge\/wp-json\/wp\/v2\/posts\/3974","targetHints":{"allow":["GET"]}}],"collection":[{"href":"https:\/\/liceoespejo.edu.ar\/lmge\/wp-json\/wp\/v2\/posts"}],"about":[{"href":"https:\/\/liceoespejo.edu.ar\/lmge\/wp-json\/wp\/v2\/types\/post"}],"author":[{"embeddable":true,"href":"https:\/\/liceoespejo.edu.ar\/lmge\/wp-json\/wp\/v2\/users\/4"}],"replies":[{"embeddable":true,"href":"https:\/\/liceoespejo.edu.ar\/lmge\/wp-json\/wp\/v2\/comments?post=3974"}],"version-history":[{"count":1,"href":"https:\/\/liceoespejo.edu.ar\/lmge\/wp-json\/wp\/v2\/posts\/3974\/revisions"}],"predecessor-version":[{"id":3975,"href":"https:\/\/liceoespejo.edu.ar\/lmge\/wp-json\/wp\/v2\/posts\/3974\/revisions\/3975"}],"wp:featuredmedia":[{"embeddable":true,"href":"https:\/\/liceoespejo.edu.ar\/lmge\/wp-json\/wp\/v2\/media\/3752"}],"wp:attachment":[{"href":"https:\/\/liceoespejo.edu.ar\/lmge\/wp-json\/wp\/v2\/media?parent=3974"}],"wp:term":[{"taxonomy":"category","embeddable":true,"href":"https:\/\/liceoespejo.edu.ar\/lmge\/wp-json\/wp\/v2\/categories?post=3974"},{"taxonomy":"post_tag","embeddable":true,"href":"https:\/\/liceoespejo.edu.ar\/lmge\/wp-json\/wp\/v2\/tags?post=3974"}],"curies":[{"name":"wp","href":"https:\/\/api.w.org\/{rel}","templated":true}]}}