{"id":935,"date":"2023-05-23T17:00:17","date_gmt":"2023-05-23T20:00:17","guid":{"rendered":"https:\/\/liceoespejo.edu.ar\/lmge\/?p=935"},"modified":"2023-05-23T17:15:42","modified_gmt":"2023-05-23T20:15:42","slug":"taller-grupal-de-esi","status":"publish","type":"post","link":"https:\/\/liceoespejo.edu.ar\/lmge\/taller-grupal-de-esi\/","title":{"rendered":"Taller grupal de ESI"},"content":{"rendered":"<p style=\"text-align: justify;\">Los alumnos de 6to grado realizaron un taller grupal de ESI, donde se abordaron temas sobre el uso responsable de las redes y los estereotipos de belleza.<\/p>\n<p style=\"text-align: justify;\">Se realiz\u00f3 un trabajo muy ameno que concluy\u00f3 con una devoluci\u00f3n de la familia conforme a lo trabajado.<\/p>\nngg_shortcode_0_placeholder\n","protected":false},"excerpt":{"rendered":"<p>Los alumnos de 6to grado realizaron un taller grupal de ESI, donde se abordaron temas sobre el uso responsable de las redes y los estereotipos de belleza. Se realiz\u00f3 un trabajo muy ameno que concluy\u00f3 con una devoluci\u00f3n de la familia conforme a lo trabajado.<\/p>\n","protected":false},"author":4,"featured_media":944,"comment_status":"closed","ping_status":"closed","sticky":false,"template":"","format":"standard","meta":{"ngg_post_thumbnail":0,"footnotes":""},"categories":[5],"tags":[9],"class_list":["post-935","post","type-post","status-publish","format-standard","has-post-thumbnail","hentry","category-nivel-primario","tag-nivel-primario"],"yoast_head":"<!-- This site is optimized with the Yoast SEO plugin v27.5 - https:\/\/yoast.com\/product\/yoast-seo-wordpress\/ -->\n<title>Taller grupal de ESI - Liceo Militar General Espejo<\/title>\n<meta name=\"robots\" content=\"index, follow, max-snippet:-1, max-image-preview:large, max-video-preview:-1\" \/>\n<link rel=\"canonical\" href=\"https:\/\/liceoespejo.edu.ar\/lmge\/taller-grupal-de-esi\/\" \/>\n<meta property=\"og:locale\" content=\"es_ES\" \/>\n<meta property=\"og:type\" content=\"article\" \/>\n<meta property=\"og:title\" content=\"Taller grupal de ESI - Liceo Militar General Espejo\" \/>\n<meta property=\"og:description\" content=\"Los alumnos de 6to grado realizaron un taller grupal de ESI, donde se abordaron temas sobre el uso responsable de las redes y los estereotipos de belleza. Se realiz\u00f3 un trabajo muy ameno que concluy\u00f3 con una devoluci\u00f3n de la familia conforme a lo trabajado.\" \/>\n<meta property=\"og:url\" content=\"https:\/\/liceoespejo.edu.ar\/lmge\/taller-grupal-de-esi\/\" \/>\n<meta property=\"og:site_name\" content=\"Liceo Militar General Espejo\" \/>\n<meta property=\"article:publisher\" content=\"https:\/\/www.facebook.com\/liceomilitargeneralespejo\" \/>\n<meta property=\"article:published_time\" content=\"2023-05-23T20:00:17+00:00\" \/>\n<meta property=\"article:modified_time\" content=\"2023-05-23T20:15:42+00:00\" \/>\n<meta property=\"og:image\" content=\"https:\/\/liceoespejo.edu.ar\/lmge\/wp-content\/uploads\/2023\/05\/taller.jpg\" \/>\n\t<meta property=\"og:image:width\" content=\"870\" \/>\n\t<meta property=\"og:image:height\" content=\"409\" \/>\n\t<meta property=\"og:image:type\" content=\"image\/jpeg\" \/>\n<meta name=\"author\" content=\"Liceo Militar General Espejo\" \/>\n<meta name=\"twitter:card\" content=\"summary_large_image\" \/>\n<meta name=\"twitter:label1\" content=\"Escrito por\" \/>\n\t<meta name=\"twitter:data1\" content=\"Liceo Militar General Espejo\" \/>\n\t<meta name=\"twitter:label2\" content=\"Tiempo de lectura\" \/>\n\t<meta name=\"twitter:data2\" content=\"1 minuto\" \/>\n<script type=\"application\/ld+json\" class=\"yoast-schema-graph\">{\"@context\":\"https:\\\/\\\/schema.org\",\"@graph\":[{\"@type\":\"Article\",\"@id\":\"https:\\\/\\\/liceoespejo.edu.ar\\\/lmge\\\/taller-grupal-de-esi\\\/#article\",\"isPartOf\":{\"@id\":\"https:\\\/\\\/liceoespejo.edu.ar\\\/lmge\\\/taller-grupal-de-esi\\\/\"},\"author\":{\"name\":\"Liceo Militar General Espejo\",\"@id\":\"https:\\\/\\\/liceoespejo.edu.ar\\\/lmge\\\/#\\\/schema\\\/person\\\/7635465becde349b687a947aaee14c54\"},\"headline\":\"Taller grupal de ESI\",\"datePublished\":\"2023-05-23T20:00:17+00:00\",\"dateModified\":\"2023-05-23T20:15:42+00:00\",\"mainEntityOfPage\":{\"@id\":\"https:\\\/\\\/liceoespejo.edu.ar\\\/lmge\\\/taller-grupal-de-esi\\\/\"},\"wordCount\":59,\"publisher\":{\"@id\":\"https:\\\/\\\/liceoespejo.edu.ar\\\/lmge\\\/#organization\"},\"image\":{\"@id\":\"https:\\\/\\\/liceoespejo.edu.ar\\\/lmge\\\/taller-grupal-de-esi\\\/#primaryimage\"},\"thumbnailUrl\":\"https:\\\/\\\/liceoespejo.edu.ar\\\/lmge\\\/wp-content\\\/uploads\\\/2023\\\/05\\\/taller.jpg\",\"keywords\":[\"Nivel Primario\"],\"articleSection\":[\"Nivel Primario\"],\"inLanguage\":\"es\"},{\"@type\":\"WebPage\",\"@id\":\"https:\\\/\\\/liceoespejo.edu.ar\\\/lmge\\\/taller-grupal-de-esi\\\/\",\"url\":\"https:\\\/\\\/liceoespejo.edu.ar\\\/lmge\\\/taller-grupal-de-esi\\\/\",\"name\":\"Taller grupal de ESI - Liceo Militar General Espejo\",\"isPartOf\":{\"@id\":\"https:\\\/\\\/liceoespejo.edu.ar\\\/lmge\\\/#website\"},\"primaryImageOfPage\":{\"@id\":\"https:\\\/\\\/liceoespejo.edu.ar\\\/lmge\\\/taller-grupal-de-esi\\\/#primaryimage\"},\"image\":{\"@id\":\"https:\\\/\\\/liceoespejo.edu.ar\\\/lmge\\\/taller-grupal-de-esi\\\/#primaryimage\"},\"thumbnailUrl\":\"https:\\\/\\\/liceoespejo.edu.ar\\\/lmge\\\/wp-content\\\/uploads\\\/2023\\\/05\\\/taller.jpg\",\"datePublished\":\"2023-05-23T20:00:17+00:00\",\"dateModified\":\"2023-05-23T20:15:42+00:00\",\"breadcrumb\":{\"@id\":\"https:\\\/\\\/liceoespejo.edu.ar\\\/lmge\\\/taller-grupal-de-esi\\\/#breadcrumb\"},\"inLanguage\":\"es\",\"potentialAction\":[{\"@type\":\"ReadAction\",\"target\":[\"https:\\\/\\\/liceoespejo.edu.ar\\\/lmge\\\/taller-grupal-de-esi\\\/\"]}]},{\"@type\":\"ImageObject\",\"inLanguage\":\"es\",\"@id\":\"https:\\\/\\\/liceoespejo.edu.ar\\\/lmge\\\/taller-grupal-de-esi\\\/#primaryimage\",\"url\":\"https:\\\/\\\/liceoespejo.edu.ar\\\/lmge\\\/wp-content\\\/uploads\\\/2023\\\/05\\\/taller.jpg\",\"contentUrl\":\"https:\\\/\\\/liceoespejo.edu.ar\\\/lmge\\\/wp-content\\\/uploads\\\/2023\\\/05\\\/taller.jpg\",\"width\":870,\"height\":409},{\"@type\":\"BreadcrumbList\",\"@id\":\"https:\\\/\\\/liceoespejo.edu.ar\\\/lmge\\\/taller-grupal-de-esi\\\/#breadcrumb\",\"itemListElement\":[{\"@type\":\"ListItem\",\"position\":1,\"name\":\"Portada\",\"item\":\"https:\\\/\\\/liceoespejo.edu.ar\\\/lmge\\\/\"},{\"@type\":\"ListItem\",\"position\":2,\"name\":\"Taller grupal de ESI\"}]},{\"@type\":\"WebSite\",\"@id\":\"https:\\\/\\\/liceoespejo.edu.ar\\\/lmge\\\/#website\",\"url\":\"https:\\\/\\\/liceoespejo.edu.ar\\\/lmge\\\/\",\"name\":\"Liceo Militar General Espejo\",\"description\":\"Colegio de educaci\u00f3n inicial, primaria y secundaria\",\"publisher\":{\"@id\":\"https:\\\/\\\/liceoespejo.edu.ar\\\/lmge\\\/#organization\"},\"potentialAction\":[{\"@type\":\"SearchAction\",\"target\":{\"@type\":\"EntryPoint\",\"urlTemplate\":\"https:\\\/\\\/liceoespejo.edu.ar\\\/lmge\\\/?s={search_term_string}\"},\"query-input\":{\"@type\":\"PropertyValueSpecification\",\"valueRequired\":true,\"valueName\":\"search_term_string\"}}],\"inLanguage\":\"es\"},{\"@type\":\"Organization\",\"@id\":\"https:\\\/\\\/liceoespejo.edu.ar\\\/lmge\\\/#organization\",\"name\":\"Liceo Militar General Espejo\",\"url\":\"https:\\\/\\\/liceoespejo.edu.ar\\\/lmge\\\/\",\"logo\":{\"@type\":\"ImageObject\",\"inLanguage\":\"es\",\"@id\":\"https:\\\/\\\/liceoespejo.edu.ar\\\/lmge\\\/#\\\/schema\\\/logo\\\/image\\\/\",\"url\":\"https:\\\/\\\/liceoespejo.edu.ar\\\/lmge\\\/wp-content\\\/uploads\\\/2023\\\/03\\\/infanteria5.png\",\"contentUrl\":\"https:\\\/\\\/liceoespejo.edu.ar\\\/lmge\\\/wp-content\\\/uploads\\\/2023\\\/03\\\/infanteria5.png\",\"width\":370,\"height\":370,\"caption\":\"Liceo Militar General Espejo\"},\"image\":{\"@id\":\"https:\\\/\\\/liceoespejo.edu.ar\\\/lmge\\\/#\\\/schema\\\/logo\\\/image\\\/\"},\"sameAs\":[\"https:\\\/\\\/www.facebook.com\\\/liceomilitargeneralespejo\"]},{\"@type\":\"Person\",\"@id\":\"https:\\\/\\\/liceoespejo.edu.ar\\\/lmge\\\/#\\\/schema\\\/person\\\/7635465becde349b687a947aaee14c54\",\"name\":\"Liceo Militar General Espejo\",\"image\":{\"@type\":\"ImageObject\",\"inLanguage\":\"es\",\"@id\":\"https:\\\/\\\/liceoespejo.edu.ar\\\/lmge\\\/wp-content\\\/uploads\\\/2025\\\/02\\\/Logo-liceo-crisol.png\",\"url\":\"https:\\\/\\\/liceoespejo.edu.ar\\\/lmge\\\/wp-content\\\/uploads\\\/2025\\\/02\\\/Logo-liceo-crisol.png\",\"contentUrl\":\"https:\\\/\\\/liceoespejo.edu.ar\\\/lmge\\\/wp-content\\\/uploads\\\/2025\\\/02\\\/Logo-liceo-crisol.png\",\"caption\":\"Liceo Militar General Espejo\"},\"url\":\"https:\\\/\\\/liceoespejo.edu.ar\\\/lmge\\\/author\\\/lmge\\\/\"}]}<\/script>\n<!-- \/ Yoast SEO plugin. -->","yoast_head_json":{"title":"Taller grupal de ESI - Liceo Militar General Espejo","robots":{"index":"index","follow":"follow","max-snippet":"max-snippet:-1","max-image-preview":"max-image-preview:large","max-video-preview":"max-video-preview:-1"},"canonical":"https:\/\/liceoespejo.edu.ar\/lmge\/taller-grupal-de-esi\/","og_locale":"es_ES","og_type":"article","og_title":"Taller grupal de ESI - Liceo Militar General Espejo","og_description":"Los alumnos de 6to grado realizaron un taller grupal de ESI, donde se abordaron temas sobre el uso responsable de las redes y los estereotipos de belleza. Se realiz\u00f3 un trabajo muy ameno que concluy\u00f3 con una devoluci\u00f3n de la familia conforme a lo trabajado.","og_url":"https:\/\/liceoespejo.edu.ar\/lmge\/taller-grupal-de-esi\/","og_site_name":"Liceo Militar General Espejo","article_publisher":"https:\/\/www.facebook.com\/liceomilitargeneralespejo","article_published_time":"2023-05-23T20:00:17+00:00","article_modified_time":"2023-05-23T20:15:42+00:00","og_image":[{"width":870,"height":409,"url":"https:\/\/liceoespejo.edu.ar\/lmge\/wp-content\/uploads\/2023\/05\/taller.jpg","type":"image\/jpeg"}],"author":"Liceo Militar General Espejo","twitter_card":"summary_large_image","twitter_misc":{"Escrito por":"Liceo Militar General Espejo","Tiempo de lectura":"1 minuto"},"schema":{"@context":"https:\/\/schema.org","@graph":[{"@type":"Article","@id":"https:\/\/liceoespejo.edu.ar\/lmge\/taller-grupal-de-esi\/#article","isPartOf":{"@id":"https:\/\/liceoespejo.edu.ar\/lmge\/taller-grupal-de-esi\/"},"author":{"name":"Liceo Militar General Espejo","@id":"https:\/\/liceoespejo.edu.ar\/lmge\/#\/schema\/person\/7635465becde349b687a947aaee14c54"},"headline":"Taller grupal de ESI","datePublished":"2023-05-23T20:00:17+00:00","dateModified":"2023-05-23T20:15:42+00:00","mainEntityOfPage":{"@id":"https:\/\/liceoespejo.edu.ar\/lmge\/taller-grupal-de-esi\/"},"wordCount":59,"publisher":{"@id":"https:\/\/liceoespejo.edu.ar\/lmge\/#organization"},"image":{"@id":"https:\/\/liceoespejo.edu.ar\/lmge\/taller-grupal-de-esi\/#primaryimage"},"thumbnailUrl":"https:\/\/liceoespejo.edu.ar\/lmge\/wp-content\/uploads\/2023\/05\/taller.jpg","keywords":["Nivel Primario"],"articleSection":["Nivel Primario"],"inLanguage":"es"},{"@type":"WebPage","@id":"https:\/\/liceoespejo.edu.ar\/lmge\/taller-grupal-de-esi\/","url":"https:\/\/liceoespejo.edu.ar\/lmge\/taller-grupal-de-esi\/","name":"Taller grupal de ESI - Liceo Militar General Espejo","isPartOf":{"@id":"https:\/\/liceoespejo.edu.ar\/lmge\/#website"},"primaryImageOfPage":{"@id":"https:\/\/liceoespejo.edu.ar\/lmge\/taller-grupal-de-esi\/#primaryimage"},"image":{"@id":"https:\/\/liceoespejo.edu.ar\/lmge\/taller-grupal-de-esi\/#primaryimage"},"thumbnailUrl":"https:\/\/liceoespejo.edu.ar\/lmge\/wp-content\/uploads\/2023\/05\/taller.jpg","datePublished":"2023-05-23T20:00:17+00:00","dateModified":"2023-05-23T20:15:42+00:00","breadcrumb":{"@id":"https:\/\/liceoespejo.edu.ar\/lmge\/taller-grupal-de-esi\/#breadcrumb"},"inLanguage":"es","potentialAction":[{"@type":"ReadAction","target":["https:\/\/liceoespejo.edu.ar\/lmge\/taller-grupal-de-esi\/"]}]},{"@type":"ImageObject","inLanguage":"es","@id":"https:\/\/liceoespejo.edu.ar\/lmge\/taller-grupal-de-esi\/#primaryimage","url":"https:\/\/liceoespejo.edu.ar\/lmge\/wp-content\/uploads\/2023\/05\/taller.jpg","contentUrl":"https:\/\/liceoespejo.edu.ar\/lmge\/wp-content\/uploads\/2023\/05\/taller.jpg","width":870,"height":409},{"@type":"BreadcrumbList","@id":"https:\/\/liceoespejo.edu.ar\/lmge\/taller-grupal-de-esi\/#breadcrumb","itemListElement":[{"@type":"ListItem","position":1,"name":"Portada","item":"https:\/\/liceoespejo.edu.ar\/lmge\/"},{"@type":"ListItem","position":2,"name":"Taller grupal de ESI"}]},{"@type":"WebSite","@id":"https:\/\/liceoespejo.edu.ar\/lmge\/#website","url":"https:\/\/liceoespejo.edu.ar\/lmge\/","name":"Liceo Militar General Espejo","description":"Colegio de educaci\u00f3n inicial, primaria y secundaria","publisher":{"@id":"https:\/\/liceoespejo.edu.ar\/lmge\/#organization"},"potentialAction":[{"@type":"SearchAction","target":{"@type":"EntryPoint","urlTemplate":"https:\/\/liceoespejo.edu.ar\/lmge\/?s={search_term_string}"},"query-input":{"@type":"PropertyValueSpecification","valueRequired":true,"valueName":"search_term_string"}}],"inLanguage":"es"},{"@type":"Organization","@id":"https:\/\/liceoespejo.edu.ar\/lmge\/#organization","name":"Liceo Militar General Espejo","url":"https:\/\/liceoespejo.edu.ar\/lmge\/","logo":{"@type":"ImageObject","inLanguage":"es","@id":"https:\/\/liceoespejo.edu.ar\/lmge\/#\/schema\/logo\/image\/","url":"https:\/\/liceoespejo.edu.ar\/lmge\/wp-content\/uploads\/2023\/03\/infanteria5.png","contentUrl":"https:\/\/liceoespejo.edu.ar\/lmge\/wp-content\/uploads\/2023\/03\/infanteria5.png","width":370,"height":370,"caption":"Liceo Militar General Espejo"},"image":{"@id":"https:\/\/liceoespejo.edu.ar\/lmge\/#\/schema\/logo\/image\/"},"sameAs":["https:\/\/www.facebook.com\/liceomilitargeneralespejo"]},{"@type":"Person","@id":"https:\/\/liceoespejo.edu.ar\/lmge\/#\/schema\/person\/7635465becde349b687a947aaee14c54","name":"Liceo Militar General Espejo","image":{"@type":"ImageObject","inLanguage":"es","@id":"https:\/\/liceoespejo.edu.ar\/lmge\/wp-content\/uploads\/2025\/02\/Logo-liceo-crisol.png","url":"https:\/\/liceoespejo.edu.ar\/lmge\/wp-content\/uploads\/2025\/02\/Logo-liceo-crisol.png","contentUrl":"https:\/\/liceoespejo.edu.ar\/lmge\/wp-content\/uploads\/2025\/02\/Logo-liceo-crisol.png","caption":"Liceo Militar General Espejo"},"url":"https:\/\/liceoespejo.edu.ar\/lmge\/author\/lmge\/"}]}},"_links":{"self":[{"href":"https:\/\/liceoespejo.edu.ar\/lmge\/wp-json\/wp\/v2\/posts\/935","targetHints":{"allow":["GET"]}}],"collection":[{"href":"https:\/\/liceoespejo.edu.ar\/lmge\/wp-json\/wp\/v2\/posts"}],"about":[{"href":"https:\/\/liceoespejo.edu.ar\/lmge\/wp-json\/wp\/v2\/types\/post"}],"author":[{"embeddable":true,"href":"https:\/\/liceoespejo.edu.ar\/lmge\/wp-json\/wp\/v2\/users\/4"}],"replies":[{"embeddable":true,"href":"https:\/\/liceoespejo.edu.ar\/lmge\/wp-json\/wp\/v2\/comments?post=935"}],"version-history":[{"count":1,"href":"https:\/\/liceoespejo.edu.ar\/lmge\/wp-json\/wp\/v2\/posts\/935\/revisions"}],"predecessor-version":[{"id":945,"href":"https:\/\/liceoespejo.edu.ar\/lmge\/wp-json\/wp\/v2\/posts\/935\/revisions\/945"}],"wp:featuredmedia":[{"embeddable":true,"href":"https:\/\/liceoespejo.edu.ar\/lmge\/wp-json\/wp\/v2\/media\/944"}],"wp:attachment":[{"href":"https:\/\/liceoespejo.edu.ar\/lmge\/wp-json\/wp\/v2\/media?parent=935"}],"wp:term":[{"taxonomy":"category","embeddable":true,"href":"https:\/\/liceoespejo.edu.ar\/lmge\/wp-json\/wp\/v2\/categories?post=935"},{"taxonomy":"post_tag","embeddable":true,"href":"https:\/\/liceoespejo.edu.ar\/lmge\/wp-json\/wp\/v2\/tags?post=935"}],"curies":[{"name":"wp","href":"https:\/\/api.w.org\/{rel}","templated":true}]}}